{"id":62,"date":"2024-11-22T13:07:58","date_gmt":"2024-11-22T18:07:58","guid":{"rendered":"https:\/\/colnews.colegiovirtualsigloxxi.edu.co\/?p=62"},"modified":"2024-11-22T13:14:16","modified_gmt":"2024-11-22T18:14:16","slug":"feria","status":"publish","type":"post","link":"https:\/\/colnews.colegiovirtualsigloxxi.edu.co\/index.php\/2024\/11\/22\/feria\/","title":{"rendered":"Feria empresarial: un d\u00eda para impulsar sue\u00f1os y fortalecer lazos"},"content":{"rendered":"\t\t<div data-elementor-type=\"wp-post\" data-elementor-id=\"62\" class=\"elementor elementor-62\" data-elementor-post-type=\"post\">\n\t\t\t\t\t\t<section class=\"elementor-section elementor-top-section elementor-element elementor-element-b08ee86 elementor-section-boxed elementor-section-height-default elementor-section-height-default\" data-id=\"b08ee86\" data-element_type=\"section\" data-settings=\"{&quot;_ha_eqh_enable&quot;:false}\">\n\t\t\t\t\t\t<div class=\"elementor-container elementor-column-gap-default\">\n\t\t\t\t\t<div class=\"elementor-column elementor-col-100 elementor-top-column elementor-element elementor-element-688dfce\" data-id=\"688dfce\" data-element_type=\"column\">\n\t\t\t<div class=\"elementor-widget-wrap elementor-element-populated\">\n\t\t\t\t\t\t<div class=\"elementor-element elementor-element-d8718f2 elementor-widget elementor-widget-text-editor\" data-id=\"d8718f2\" data-element_type=\"widget\" data-widget_type=\"text-editor.default\">\n\t\t\t\t<div class=\"elementor-widget-container\">\n\t\t\t\t\t\t\t<div class=\"elementor-element-overlay\"><p>El pasado 27 de octubre vivimos una jornada inolvidable con nuestra Feria Empresarial, donde los estudiantes presentaron sus proyectos de emprendimiento y negocios, compartiendo con orgullo su talento, esfuerzo y creatividad. Adem\u00e1s, celebramos el D\u00eda de la Familia, un espacio especial donde los participantes disfrutaron de actividades divertidas y din\u00e1micas que unieron a todos en momentos de alegr\u00eda y convivencia.<\/p><p>Estos espacios son fundamentales para formar l\u00edderes y fortalecer los lazos que nos unen, motivando a nuestra comunidad a so\u00f1ar y crecer juntos.<\/p><\/div>\t\t\t\t\t\t<\/div>\n\t\t\t\t<\/div>\n\t\t\t\t\t<\/div>\n\t\t<\/div>\n\t\t\t\t\t<\/div>\n\t\t<\/section>\n\t\t\t\t<\/div>\n\t\t","protected":false},"excerpt":{"rendered":"<p>El pasado 27 de octubre vivimos una jornada inolvidable con nuestra Feria Empresarial, donde los estudiantes presentaron sus proyectos de emprendimiento y negocios, compartiendo con orgullo su talento, esfuerzo y creatividad. Adem\u00e1s, celebramos el D\u00eda de la Familia, un espacio especial donde los participantes disfrutaron de actividades divertidas y din\u00e1micas que unieron a todos en [&hellip;]<\/p>\n","protected":false},"author":1,"featured_media":80,"comment_status":"open","ping_status":"open","sticky":false,"template":"","format":"standard","meta":{"footnotes":""},"categories":[1],"tags":[],"class_list":["post-62","post","type-post","status-publish","format-standard","has-post-thumbnail","hentry","category-sin-categoria"],"_links":{"self":[{"href":"https:\/\/colnews.colegiovirtualsigloxxi.edu.co\/index.php\/wp-json\/wp\/v2\/posts\/62","targetHints":{"allow":["GET"]}}],"collection":[{"href":"https:\/\/colnews.colegiovirtualsigloxxi.edu.co\/index.php\/wp-json\/wp\/v2\/posts"}],"about":[{"href":"https:\/\/colnews.colegiovirtualsigloxxi.edu.co\/index.php\/wp-json\/wp\/v2\/types\/post"}],"author":[{"embeddable":true,"href":"https:\/\/colnews.colegiovirtualsigloxxi.edu.co\/index.php\/wp-json\/wp\/v2\/users\/1"}],"replies":[{"embeddable":true,"href":"https:\/\/colnews.colegiovirtualsigloxxi.edu.co\/index.php\/wp-json\/wp\/v2\/comments?post=62"}],"version-history":[{"count":5,"href":"https:\/\/colnews.colegiovirtualsigloxxi.edu.co\/index.php\/wp-json\/wp\/v2\/posts\/62\/revisions"}],"predecessor-version":[{"id":68,"href":"https:\/\/colnews.colegiovirtualsigloxxi.edu.co\/index.php\/wp-json\/wp\/v2\/posts\/62\/revisions\/68"}],"wp:featuredmedia":[{"embeddable":true,"href":"https:\/\/colnews.colegiovirtualsigloxxi.edu.co\/index.php\/wp-json\/wp\/v2\/media\/80"}],"wp:attachment":[{"href":"https:\/\/colnews.colegiovirtualsigloxxi.edu.co\/index.php\/wp-json\/wp\/v2\/media?parent=62"}],"wp:term":[{"taxonomy":"category","embeddable":true,"href":"https:\/\/colnews.colegiovirtualsigloxxi.edu.co\/index.php\/wp-json\/wp\/v2\/categories?post=62"},{"taxonomy":"post_tag","embeddable":true,"href":"https:\/\/colnews.colegiovirtualsigloxxi.edu.co\/index.php\/wp-json\/wp\/v2\/tags?post=62"}],"curies":[{"name":"wp","href":"https:\/\/api.w.org\/{rel}","templated":true}]}}