{"id":3298,"date":"2026-03-12T12:26:34","date_gmt":"2026-03-12T17:26:34","guid":{"rendered":"https:\/\/colnews.colegiovirtualsigloxxi.edu.co\/?p=3298"},"modified":"2026-03-16T11:03:45","modified_gmt":"2026-03-16T16:03:45","slug":"tiempo-para-descansar-y-compartir-llega-el-receso-de-semana-santa","status":"publish","type":"post","link":"https:\/\/colnews.colegiovirtualsigloxxi.edu.co\/index.php\/2026\/03\/12\/tiempo-para-descansar-y-compartir-llega-el-receso-de-semana-santa\/","title":{"rendered":"Tiempo para descansar y compartir: llega el receso de Semana Santa"},"content":{"rendered":"\t\t<div data-elementor-type=\"wp-post\" data-elementor-id=\"3298\" class=\"elementor elementor-3298\" data-elementor-post-type=\"post\">\n\t\t\t\t\t\t<section class=\"elementor-section elementor-top-section elementor-element elementor-element-7e41b49 elementor-section-boxed elementor-section-height-default elementor-section-height-default\" data-id=\"7e41b49\" data-element_type=\"section\" data-settings=\"{&quot;_ha_eqh_enable&quot;:false}\">\n\t\t\t\t\t\t<div class=\"elementor-container elementor-column-gap-default\">\n\t\t\t\t\t<div class=\"elementor-column elementor-col-100 elementor-top-column elementor-element elementor-element-69160dd\" data-id=\"69160dd\" data-element_type=\"column\">\n\t\t\t<div class=\"elementor-widget-wrap elementor-element-populated\">\n\t\t\t\t\t\t<div class=\"elementor-element elementor-element-c2261cf elementor-widget__width-auto elementor-widget elementor-widget-video\" data-id=\"c2261cf\" data-element_type=\"widget\" data-settings=\"{&quot;video_type&quot;:&quot;hosted&quot;,&quot;controls&quot;:&quot;yes&quot;}\" data-widget_type=\"video.default\">\n\t\t\t\t<div class=\"elementor-widget-container\">\n\t\t\t\t\t<div class=\"e-hosted-video elementor-wrapper elementor-open-inline\">\n\t\t\t\t\t<video class=\"elementor-video\" src=\"https:\/\/colnews.colegiovirtualsigloxxi.edu.co\/wp-content\/uploads\/2026\/03\/3.1.mp3\" controls=\"\" preload=\"metadata\" controlsList=\"nodownload\"><\/video>\n\t\t\t\t<\/div>\n\t\t\t\t<\/div>\n\t\t\t\t<\/div>\n\t\t\t\t<div class=\"elementor-element elementor-element-1093080 elementor-widget elementor-widget-text-editor\" data-id=\"1093080\" data-element_type=\"widget\" data-widget_type=\"text-editor.default\">\n\t\t\t\t<div class=\"elementor-widget-container\">\n\t\t\t\t\t\t\t<p data-start=\"28\" data-end=\"253\">Se acerca un momento para pausar, recargar energ\u00edas y compartir en familia. Les recordamos que el receso de Semana Santa inicia el <strong data-start=\"159\" data-end=\"180\">lunes 30 de marzo<\/strong>, y retomaremos nuestras actividades acad\u00e9micas el <strong data-start=\"231\" data-end=\"252\">martes 7 de abril<\/strong>.<\/p><p data-start=\"255\" data-end=\"539\">Durante este periodo, el <strong data-start=\"280\" data-end=\"321\">campus virtual permanecer\u00e1 habilitado<\/strong> para quienes deseen consultarlo. Sin embargo, no habr\u00e1 atenci\u00f3n por parte del equipo acad\u00e9mico y administrativo, ya que tambi\u00e9n estar\u00e1n tomando estos d\u00edas para recargar energ\u00edas y prepararse para el regreso acad\u00e9mico.<\/p><p data-start=\"541\" data-end=\"725\" data-is-last-node=\"\" data-is-only-node=\"\">Deseamos que este tiempo sea una oportunidad para <strong data-start=\"591\" data-end=\"640\">descansar, reflexionar y compartir en familia<\/strong>, y que todos podamos volver con nuevas energ\u00edas para continuar el proceso formativo.<\/p>\t\t\t\t\t\t<\/div>\n\t\t\t\t<\/div>\n\t\t\t\t\t<\/div>\n\t\t<\/div>\n\t\t\t\t\t<\/div>\n\t\t<\/section>\n\t\t\t\t<section class=\"elementor-section elementor-top-section elementor-element elementor-element-c4fa0e5 elementor-section-boxed elementor-section-height-default elementor-section-height-default\" data-id=\"c4fa0e5\" data-element_type=\"section\" data-settings=\"{&quot;_ha_eqh_enable&quot;:false}\">\n\t\t\t\t\t\t<div class=\"elementor-container elementor-column-gap-default\">\n\t\t\t\t\t<div class=\"elementor-column elementor-col-100 elementor-top-column elementor-element elementor-element-602a5fe\" data-id=\"602a5fe\" data-element_type=\"column\">\n\t\t\t<div class=\"elementor-widget-wrap elementor-element-populated\">\n\t\t\t\t\t\t<div class=\"elementor-element elementor-element-664d31d elementor-widget elementor-widget-image\" data-id=\"664d31d\" data-element_type=\"widget\" data-widget_type=\"image.default\">\n\t\t\t\t<div class=\"elementor-widget-container\">\n\t\t\t\t\t\t\t\t\t\t\t\t\t\t<a href=\"https:\/\/colnews.colegiovirtualsigloxxi.edu.co\/wp-content\/uploads\/2026\/03\/receso.jpg\" data-elementor-open-lightbox=\"yes\" data-elementor-lightbox-title=\"receso\" data-e-action-hash=\"#elementor-action%3Aaction%3Dlightbox%26settings%3DeyJpZCI6MzM1NiwidXJsIjoiaHR0cHM6XC9cL2NvbG5ld3MuY29sZWdpb3ZpcnR1YWxzaWdsb3h4aS5lZHUuY29cL3dwLWNvbnRlbnRcL3VwbG9hZHNcLzIwMjZcLzAzXC9yZWNlc28uanBnIn0%3D\">\n\t\t\t\t\t\t\t<img fetchpriority=\"high\" decoding=\"async\" width=\"800\" height=\"450\" src=\"https:\/\/colnews.colegiovirtualsigloxxi.edu.co\/wp-content\/uploads\/2026\/03\/receso-1024x576.jpg\" class=\"attachment-large size-large wp-image-3356\" alt=\"\" srcset=\"https:\/\/colnews.colegiovirtualsigloxxi.edu.co\/wp-content\/uploads\/2026\/03\/receso-1024x576.jpg 1024w, https:\/\/colnews.colegiovirtualsigloxxi.edu.co\/wp-content\/uploads\/2026\/03\/receso-300x169.jpg 300w, https:\/\/colnews.colegiovirtualsigloxxi.edu.co\/wp-content\/uploads\/2026\/03\/receso-768x432.jpg 768w, https:\/\/colnews.colegiovirtualsigloxxi.edu.co\/wp-content\/uploads\/2026\/03\/receso-1536x864.jpg 1536w, https:\/\/colnews.colegiovirtualsigloxxi.edu.co\/wp-content\/uploads\/2026\/03\/receso.jpg 1920w\" sizes=\"(max-width: 800px) 100vw, 800px\" \/>\t\t\t\t\t\t\t\t<\/a>\n\t\t\t\t\t\t\t\t\t\t\t\t\t<\/div>\n\t\t\t\t<\/div>\n\t\t\t\t\t<\/div>\n\t\t<\/div>\n\t\t\t\t\t<\/div>\n\t\t<\/section>\n\t\t\t\t<\/div>\n\t\t","protected":false},"excerpt":{"rendered":"<p>https:\/\/colnews.colegiovirtualsigloxxi.edu.co\/wp-content\/uploads\/2026\/03\/3.1.mp3 Se acerca un momento para pausar, recargar energ\u00edas y compartir en familia. Les recordamos que el receso de Semana Santa inicia el lunes 30 de marzo, y retomaremos nuestras actividades acad\u00e9micas el martes 7 de abril. Durante este periodo, el campus virtual permanecer\u00e1 habilitado para quienes deseen consultarlo. Sin embargo, no habr\u00e1 atenci\u00f3n por [&hellip;]<\/p>\n","protected":false},"author":1,"featured_media":3326,"comment_status":"closed","ping_status":"closed","sticky":false,"template":"","format":"standard","meta":{"footnotes":""},"categories":[6],"tags":[],"class_list":["post-3298","post","type-post","status-publish","format-standard","has-post-thumbnail","hentry","category-eventos-internos"],"_links":{"self":[{"href":"https:\/\/colnews.colegiovirtualsigloxxi.edu.co\/index.php\/wp-json\/wp\/v2\/posts\/3298","targetHints":{"allow":["GET"]}}],"collection":[{"href":"https:\/\/colnews.colegiovirtualsigloxxi.edu.co\/index.php\/wp-json\/wp\/v2\/posts"}],"about":[{"href":"https:\/\/colnews.colegiovirtualsigloxxi.edu.co\/index.php\/wp-json\/wp\/v2\/types\/post"}],"author":[{"embeddable":true,"href":"https:\/\/colnews.colegiovirtualsigloxxi.edu.co\/index.php\/wp-json\/wp\/v2\/users\/1"}],"replies":[{"embeddable":true,"href":"https:\/\/colnews.colegiovirtualsigloxxi.edu.co\/index.php\/wp-json\/wp\/v2\/comments?post=3298"}],"version-history":[{"count":7,"href":"https:\/\/colnews.colegiovirtualsigloxxi.edu.co\/index.php\/wp-json\/wp\/v2\/posts\/3298\/revisions"}],"predecessor-version":[{"id":3359,"href":"https:\/\/colnews.colegiovirtualsigloxxi.edu.co\/index.php\/wp-json\/wp\/v2\/posts\/3298\/revisions\/3359"}],"wp:featuredmedia":[{"embeddable":true,"href":"https:\/\/colnews.colegiovirtualsigloxxi.edu.co\/index.php\/wp-json\/wp\/v2\/media\/3326"}],"wp:attachment":[{"href":"https:\/\/colnews.colegiovirtualsigloxxi.edu.co\/index.php\/wp-json\/wp\/v2\/media?parent=3298"}],"wp:term":[{"taxonomy":"category","embeddable":true,"href":"https:\/\/colnews.colegiovirtualsigloxxi.edu.co\/index.php\/wp-json\/wp\/v2\/categories?post=3298"},{"taxonomy":"post_tag","embeddable":true,"href":"https:\/\/colnews.colegiovirtualsigloxxi.edu.co\/index.php\/wp-json\/wp\/v2\/tags?post=3298"}],"curies":[{"name":"wp","href":"https:\/\/api.w.org\/{rel}","templated":true}]}}