{"id":2383,"date":"2025-10-28T11:22:08","date_gmt":"2025-10-28T16:22:08","guid":{"rendered":"https:\/\/colnews.colegiovirtualsigloxxi.edu.co\/?p=2383"},"modified":"2025-10-29T17:00:05","modified_gmt":"2025-10-29T22:00:05","slug":"se-acerca-nuestra-xiii-feria-empresarial","status":"publish","type":"post","link":"https:\/\/colnews.colegiovirtualsigloxxi.edu.co\/index.php\/2025\/10\/28\/se-acerca-nuestra-xiii-feria-empresarial\/","title":{"rendered":"\u00a1Celebremos juntos el D\u00eda del Estudiante!"},"content":{"rendered":"\t\t<div data-elementor-type=\"wp-post\" data-elementor-id=\"2383\" class=\"elementor elementor-2383\" data-elementor-post-type=\"post\">\n\t\t\t\t\t\t<section class=\"elementor-section elementor-top-section elementor-element elementor-element-7e41b49 elementor-section-boxed elementor-section-height-default elementor-section-height-default\" data-id=\"7e41b49\" data-element_type=\"section\" data-settings=\"{&quot;_ha_eqh_enable&quot;:false}\">\n\t\t\t\t\t\t<div class=\"elementor-container elementor-column-gap-default\">\n\t\t\t\t\t<div class=\"elementor-column elementor-col-100 elementor-top-column elementor-element elementor-element-69160dd\" data-id=\"69160dd\" data-element_type=\"column\">\n\t\t\t<div class=\"elementor-widget-wrap elementor-element-populated\">\n\t\t\t\t\t\t<div class=\"elementor-element elementor-element-c2261cf elementor-widget__width-auto elementor-widget elementor-widget-video\" data-id=\"c2261cf\" data-element_type=\"widget\" data-settings=\"{&quot;video_type&quot;:&quot;hosted&quot;,&quot;controls&quot;:&quot;yes&quot;}\" data-widget_type=\"video.default\">\n\t\t\t\t<div class=\"elementor-widget-container\">\n\t\t\t\t\t<div class=\"e-hosted-video elementor-wrapper elementor-open-inline\">\n\t\t\t\t\t<video class=\"elementor-video\" src=\"https:\/\/colnews.colegiovirtualsigloxxi.edu.co\/wp-content\/uploads\/2025\/10\/dia-del-estudiante.mp3\" controls=\"\" preload=\"metadata\" controlsList=\"nodownload\"><\/video>\n\t\t\t\t<\/div>\n\t\t\t\t<\/div>\n\t\t\t\t<\/div>\n\t\t\t\t<div class=\"elementor-element elementor-element-1093080 elementor-widget elementor-widget-text-editor\" data-id=\"1093080\" data-element_type=\"widget\" data-widget_type=\"text-editor.default\">\n\t\t\t\t<div class=\"elementor-widget-container\">\n\t\t\t\t\t\t\t<p>Este 31 de octubre, desde las 9:00 a.m., te esperamos en las instalaciones de nuestro colegio para celebrar el D\u00eda del Estudiante. Ser\u00e1 una jornada llena de sorpresas, juegos, m\u00fasica y diversi\u00f3n.<br \/>Y recuerda: \u00a1los estudiantes de modalidad virtual tambi\u00e9n est\u00e1n invitados! Puedes venir con tu disfraz favorito y disfrutar de este espacio hecho para todos.<\/p>\t\t\t\t\t\t<\/div>\n\t\t\t\t<\/div>\n\t\t\t\t\t<\/div>\n\t\t<\/div>\n\t\t\t\t\t<\/div>\n\t\t<\/section>\n\t\t\t\t<section class=\"elementor-section elementor-top-section elementor-element elementor-element-874ec09 elementor-section-boxed elementor-section-height-default elementor-section-height-default\" data-id=\"874ec09\" data-element_type=\"section\" data-settings=\"{&quot;_ha_eqh_enable&quot;:false}\">\n\t\t\t\t\t\t<div class=\"elementor-container elementor-column-gap-default\">\n\t\t\t\t\t<div class=\"elementor-column elementor-col-100 elementor-top-column elementor-element elementor-element-6e6dede\" data-id=\"6e6dede\" data-element_type=\"column\">\n\t\t\t<div class=\"elementor-widget-wrap elementor-element-populated\">\n\t\t\t\t\t\t<div class=\"elementor-element elementor-element-e33a9a2 elementor-widget elementor-widget-image\" data-id=\"e33a9a2\" data-element_type=\"widget\" data-widget_type=\"image.default\">\n\t\t\t\t<div class=\"elementor-widget-container\">\n\t\t\t\t\t\t\t\t\t\t\t\t\t<img fetchpriority=\"high\" decoding=\"async\" width=\"800\" height=\"450\" src=\"https:\/\/colnews.colegiovirtualsigloxxi.edu.co\/wp-content\/uploads\/2025\/10\/Anadir-un-titulo-50-x-70-cm-Video-1024x576.jpg\" class=\"attachment-large size-large wp-image-2444\" alt=\"\" srcset=\"https:\/\/colnews.colegiovirtualsigloxxi.edu.co\/wp-content\/uploads\/2025\/10\/Anadir-un-titulo-50-x-70-cm-Video-1024x576.jpg 1024w, https:\/\/colnews.colegiovirtualsigloxxi.edu.co\/wp-content\/uploads\/2025\/10\/Anadir-un-titulo-50-x-70-cm-Video-300x169.jpg 300w, https:\/\/colnews.colegiovirtualsigloxxi.edu.co\/wp-content\/uploads\/2025\/10\/Anadir-un-titulo-50-x-70-cm-Video-768x432.jpg 768w, https:\/\/colnews.colegiovirtualsigloxxi.edu.co\/wp-content\/uploads\/2025\/10\/Anadir-un-titulo-50-x-70-cm-Video-1536x864.jpg 1536w, https:\/\/colnews.colegiovirtualsigloxxi.edu.co\/wp-content\/uploads\/2025\/10\/Anadir-un-titulo-50-x-70-cm-Video.jpg 1920w\" sizes=\"(max-width: 800px) 100vw, 800px\" \/>\t\t\t\t\t\t\t\t\t\t\t\t\t<\/div>\n\t\t\t\t<\/div>\n\t\t\t\t\t<\/div>\n\t\t<\/div>\n\t\t\t\t\t<\/div>\n\t\t<\/section>\n\t\t\t\t<\/div>\n\t\t","protected":false},"excerpt":{"rendered":"<p>https:\/\/colnews.colegiovirtualsigloxxi.edu.co\/wp-content\/uploads\/2025\/10\/dia-del-estudiante.mp3 Este 31 de octubre, desde las 9:00 a.m., te esperamos en las instalaciones de nuestro colegio para celebrar el D\u00eda del Estudiante. Ser\u00e1 una jornada llena de sorpresas, juegos, m\u00fasica y diversi\u00f3n.Y recuerda: \u00a1los estudiantes de modalidad virtual tambi\u00e9n est\u00e1n invitados! Puedes venir con tu disfraz favorito y disfrutar de este espacio hecho para [&hellip;]<\/p>\n","protected":false},"author":1,"featured_media":2442,"comment_status":"closed","ping_status":"closed","sticky":false,"template":"","format":"standard","meta":{"footnotes":""},"categories":[6],"tags":[],"class_list":["post-2383","post","type-post","status-publish","format-standard","has-post-thumbnail","hentry","category-eventos-internos"],"_links":{"self":[{"href":"https:\/\/colnews.colegiovirtualsigloxxi.edu.co\/index.php\/wp-json\/wp\/v2\/posts\/2383","targetHints":{"allow":["GET"]}}],"collection":[{"href":"https:\/\/colnews.colegiovirtualsigloxxi.edu.co\/index.php\/wp-json\/wp\/v2\/posts"}],"about":[{"href":"https:\/\/colnews.colegiovirtualsigloxxi.edu.co\/index.php\/wp-json\/wp\/v2\/types\/post"}],"author":[{"embeddable":true,"href":"https:\/\/colnews.colegiovirtualsigloxxi.edu.co\/index.php\/wp-json\/wp\/v2\/users\/1"}],"replies":[{"embeddable":true,"href":"https:\/\/colnews.colegiovirtualsigloxxi.edu.co\/index.php\/wp-json\/wp\/v2\/comments?post=2383"}],"version-history":[{"count":14,"href":"https:\/\/colnews.colegiovirtualsigloxxi.edu.co\/index.php\/wp-json\/wp\/v2\/posts\/2383\/revisions"}],"predecessor-version":[{"id":2474,"href":"https:\/\/colnews.colegiovirtualsigloxxi.edu.co\/index.php\/wp-json\/wp\/v2\/posts\/2383\/revisions\/2474"}],"wp:featuredmedia":[{"embeddable":true,"href":"https:\/\/colnews.colegiovirtualsigloxxi.edu.co\/index.php\/wp-json\/wp\/v2\/media\/2442"}],"wp:attachment":[{"href":"https:\/\/colnews.colegiovirtualsigloxxi.edu.co\/index.php\/wp-json\/wp\/v2\/media?parent=2383"}],"wp:term":[{"taxonomy":"category","embeddable":true,"href":"https:\/\/colnews.colegiovirtualsigloxxi.edu.co\/index.php\/wp-json\/wp\/v2\/categories?post=2383"},{"taxonomy":"post_tag","embeddable":true,"href":"https:\/\/colnews.colegiovirtualsigloxxi.edu.co\/index.php\/wp-json\/wp\/v2\/tags?post=2383"}],"curies":[{"name":"wp","href":"https:\/\/api.w.org\/{rel}","templated":true}]}}