{"id":2336,"date":"2025-09-29T13:58:43","date_gmt":"2025-09-29T18:58:43","guid":{"rendered":"https:\/\/colnews.colegiovirtualsigloxxi.edu.co\/?p=2336"},"modified":"2025-10-02T14:07:46","modified_gmt":"2025-10-02T19:07:46","slug":"recuerda-la-entrega-de-notas-de-calendario-a-el-03-de-octubre-cloned-2246","status":"publish","type":"post","link":"https:\/\/colnews.colegiovirtualsigloxxi.edu.co\/index.php\/2025\/09\/29\/recuerda-la-entrega-de-notas-de-calendario-a-el-03-de-octubre-cloned-2246\/","title":{"rendered":"\u00a1Revivamos juntos el espacio de Caf\u00e9 con Innovaci\u00f3n!"},"content":{"rendered":"\t\t<div data-elementor-type=\"wp-post\" data-elementor-id=\"2336\" class=\"elementor elementor-2336\" data-elementor-post-type=\"post\">\n\t\t\t\t\t\t<section class=\"elementor-section elementor-top-section elementor-element elementor-element-7e41b49 elementor-section-boxed elementor-section-height-default elementor-section-height-default\" data-id=\"7e41b49\" data-element_type=\"section\" data-settings=\"{&quot;_ha_eqh_enable&quot;:false}\">\n\t\t\t\t\t\t<div class=\"elementor-container elementor-column-gap-default\">\n\t\t\t\t\t<div class=\"elementor-column elementor-col-100 elementor-top-column elementor-element elementor-element-69160dd\" data-id=\"69160dd\" data-element_type=\"column\">\n\t\t\t<div class=\"elementor-widget-wrap elementor-element-populated\">\n\t\t\t\t\t\t<div class=\"elementor-element elementor-element-c2261cf elementor-widget__width-auto elementor-widget elementor-widget-video\" data-id=\"c2261cf\" data-element_type=\"widget\" data-settings=\"{&quot;video_type&quot;:&quot;hosted&quot;,&quot;controls&quot;:&quot;yes&quot;}\" data-widget_type=\"video.default\">\n\t\t\t\t<div class=\"elementor-widget-container\">\n\t\t\t\t\t<div class=\"e-hosted-video elementor-wrapper elementor-open-inline\">\n\t\t\t\t\t<video class=\"elementor-video\" src=\"https:\/\/colnews.colegiovirtualsigloxxi.edu.co\/wp-content\/uploads\/2025\/10\/cafeeeeee.mp3\" controls=\"\" preload=\"metadata\" controlsList=\"nodownload\"><\/video>\n\t\t\t\t<\/div>\n\t\t\t\t<\/div>\n\t\t\t\t<\/div>\n\t\t\t\t<div class=\"elementor-element elementor-element-1093080 elementor-widget elementor-widget-text-editor\" data-id=\"1093080\" data-element_type=\"widget\" data-widget_type=\"text-editor.default\">\n\t\t\t\t<div class=\"elementor-widget-container\">\n\t\t\t\t\t\t\t<p>Si no pudiste acompa\u00f1arnos en Caf\u00e9 con Innovaci\u00f3n, a\u00fan est\u00e1s a tiempo de revivir esta charla inspiradora con nuestra directora de Innovaci\u00f3n Pedag\u00f3gica, Nancy Dur\u00e1n. Un espacio cercano y enriquecedor para reflexionar sobre c\u00f3mo estamos transformando la educaci\u00f3n desde la creatividad y la innovaci\u00f3n.<\/p><p>\u00a1No te la pierdas, disfr\u00fatala ahora!<\/p>\t\t\t\t\t\t<\/div>\n\t\t\t\t<\/div>\n\t\t\t\t\t<\/div>\n\t\t<\/div>\n\t\t\t\t\t<\/div>\n\t\t<\/section>\n\t\t\t\t<section class=\"elementor-section elementor-top-section elementor-element elementor-element-99c614e elementor-section-boxed elementor-section-height-default elementor-section-height-default\" data-id=\"99c614e\" data-element_type=\"section\" data-settings=\"{&quot;_ha_eqh_enable&quot;:false}\">\n\t\t\t\t\t\t<div class=\"elementor-container elementor-column-gap-default\">\n\t\t\t\t\t<div class=\"elementor-column elementor-col-100 elementor-top-column elementor-element elementor-element-897cbd8\" data-id=\"897cbd8\" data-element_type=\"column\">\n\t\t\t<div class=\"elementor-widget-wrap elementor-element-populated\">\n\t\t\t\t\t\t<div class=\"elementor-element elementor-element-e4c0347 elementor-widget elementor-widget-video\" data-id=\"e4c0347\" data-element_type=\"widget\" data-settings=\"{&quot;youtube_url&quot;:&quot;https:\\\/\\\/youtu.be\\\/640rwBCXj_U&quot;,&quot;video_type&quot;:&quot;youtube&quot;,&quot;controls&quot;:&quot;yes&quot;}\" data-widget_type=\"video.default\">\n\t\t\t\t<div class=\"elementor-widget-container\">\n\t\t\t\t\t<div class=\"elementor-wrapper elementor-open-inline\">\n\t\t\t<div class=\"elementor-video\"><\/div>\t\t<\/div>\n\t\t\t\t<\/div>\n\t\t\t\t<\/div>\n\t\t\t\t\t<\/div>\n\t\t<\/div>\n\t\t\t\t\t<\/div>\n\t\t<\/section>\n\t\t\t\t<\/div>\n\t\t","protected":false},"excerpt":{"rendered":"<p>https:\/\/colnews.colegiovirtualsigloxxi.edu.co\/wp-content\/uploads\/2025\/10\/cafeeeeee.mp3 Si no pudiste acompa\u00f1arnos en Caf\u00e9 con Innovaci\u00f3n, a\u00fan est\u00e1s a tiempo de revivir esta charla inspiradora con nuestra directora de Innovaci\u00f3n Pedag\u00f3gica, Nancy Dur\u00e1n. Un espacio cercano y enriquecedor para reflexionar sobre c\u00f3mo estamos transformando la educaci\u00f3n desde la creatividad y la innovaci\u00f3n. \u00a1No te la pierdas, disfr\u00fatala ahora! https:\/\/youtu.be\/640rwBCXj_U<\/p>\n","protected":false},"author":1,"featured_media":2345,"comment_status":"closed","ping_status":"closed","sticky":false,"template":"","format":"standard","meta":{"footnotes":""},"categories":[6],"tags":[],"class_list":["post-2336","post","type-post","status-publish","format-standard","has-post-thumbnail","hentry","category-eventos-internos"],"_links":{"self":[{"href":"https:\/\/colnews.colegiovirtualsigloxxi.edu.co\/index.php\/wp-json\/wp\/v2\/posts\/2336","targetHints":{"allow":["GET"]}}],"collection":[{"href":"https:\/\/colnews.colegiovirtualsigloxxi.edu.co\/index.php\/wp-json\/wp\/v2\/posts"}],"about":[{"href":"https:\/\/colnews.colegiovirtualsigloxxi.edu.co\/index.php\/wp-json\/wp\/v2\/types\/post"}],"author":[{"embeddable":true,"href":"https:\/\/colnews.colegiovirtualsigloxxi.edu.co\/index.php\/wp-json\/wp\/v2\/users\/1"}],"replies":[{"embeddable":true,"href":"https:\/\/colnews.colegiovirtualsigloxxi.edu.co\/index.php\/wp-json\/wp\/v2\/comments?post=2336"}],"version-history":[{"count":5,"href":"https:\/\/colnews.colegiovirtualsigloxxi.edu.co\/index.php\/wp-json\/wp\/v2\/posts\/2336\/revisions"}],"predecessor-version":[{"id":2344,"href":"https:\/\/colnews.colegiovirtualsigloxxi.edu.co\/index.php\/wp-json\/wp\/v2\/posts\/2336\/revisions\/2344"}],"wp:featuredmedia":[{"embeddable":true,"href":"https:\/\/colnews.colegiovirtualsigloxxi.edu.co\/index.php\/wp-json\/wp\/v2\/media\/2345"}],"wp:attachment":[{"href":"https:\/\/colnews.colegiovirtualsigloxxi.edu.co\/index.php\/wp-json\/wp\/v2\/media?parent=2336"}],"wp:term":[{"taxonomy":"category","embeddable":true,"href":"https:\/\/colnews.colegiovirtualsigloxxi.edu.co\/index.php\/wp-json\/wp\/v2\/categories?post=2336"},{"taxonomy":"post_tag","embeddable":true,"href":"https:\/\/colnews.colegiovirtualsigloxxi.edu.co\/index.php\/wp-json\/wp\/v2\/tags?post=2336"}],"curies":[{"name":"wp","href":"https:\/\/api.w.org\/{rel}","templated":true}]}}