{"id":1318,"date":"2025-07-04T11:51:25","date_gmt":"2025-07-04T16:51:25","guid":{"rendered":"https:\/\/colnews.colegiovirtualsigloxxi.edu.co\/?p=1318"},"modified":"2025-08-12T16:22:16","modified_gmt":"2025-08-12T21:22:16","slug":"calendario-a-retomamos-actividades-academicas-el-14-de-julio","status":"publish","type":"post","link":"https:\/\/colnews.colegiovirtualsigloxxi.edu.co\/index.php\/2025\/07\/04\/calendario-a-retomamos-actividades-academicas-el-14-de-julio\/","title":{"rendered":"Calendario A: Retomamos actividades acad\u00e9micas el 14 de julio"},"content":{"rendered":"\t\t<div data-elementor-type=\"wp-post\" data-elementor-id=\"1318\" class=\"elementor elementor-1318\" data-elementor-post-type=\"post\">\n\t\t\t\t\t\t<section class=\"elementor-section elementor-top-section elementor-element elementor-element-0098bb1 elementor-section-boxed elementor-section-height-default elementor-section-height-default\" data-id=\"0098bb1\" data-element_type=\"section\" data-settings=\"{&quot;_ha_eqh_enable&quot;:false}\">\n\t\t\t\t\t\t<div class=\"elementor-container elementor-column-gap-default\">\n\t\t\t\t\t<div class=\"elementor-column elementor-col-100 elementor-top-column elementor-element elementor-element-19bc064\" data-id=\"19bc064\" data-element_type=\"column\">\n\t\t\t<div class=\"elementor-widget-wrap\">\n\t\t\t\t\t\t\t<\/div>\n\t\t<\/div>\n\t\t\t\t\t<\/div>\n\t\t<\/section>\n\t\t\t\t<section class=\"elementor-section elementor-top-section elementor-element elementor-element-7e41b49 elementor-section-boxed elementor-section-height-default elementor-section-height-default\" data-id=\"7e41b49\" data-element_type=\"section\" data-settings=\"{&quot;_ha_eqh_enable&quot;:false}\">\n\t\t\t\t\t\t<div class=\"elementor-container elementor-column-gap-default\">\n\t\t\t\t\t<div class=\"elementor-column elementor-col-100 elementor-top-column elementor-element elementor-element-69160dd\" data-id=\"69160dd\" data-element_type=\"column\">\n\t\t\t<div class=\"elementor-widget-wrap elementor-element-populated\">\n\t\t\t\t\t\t<div class=\"elementor-element elementor-element-c2261cf elementor-widget__width-auto elementor-widget elementor-widget-video\" data-id=\"c2261cf\" data-element_type=\"widget\" data-settings=\"{&quot;video_type&quot;:&quot;hosted&quot;,&quot;controls&quot;:&quot;yes&quot;}\" data-widget_type=\"video.default\">\n\t\t\t\t<div class=\"elementor-widget-container\">\n\t\t\t\t\t<div class=\"e-hosted-video elementor-wrapper elementor-open-inline\">\n\t\t\t\t\t<video class=\"elementor-video\" src=\"https:\/\/colnews.colegiovirtualsigloxxi.edu.co\/wp-content\/uploads\/2025\/07\/4.mp3\" controls=\"\" preload=\"metadata\" controlsList=\"nodownload\"><\/video>\n\t\t\t\t<\/div>\n\t\t\t\t<\/div>\n\t\t\t\t<\/div>\n\t\t\t\t<div class=\"elementor-element elementor-element-1093080 elementor-widget elementor-widget-text-editor\" data-id=\"1093080\" data-element_type=\"widget\" data-widget_type=\"text-editor.default\">\n\t\t\t\t<div class=\"elementor-widget-container\">\n\t\t\t\t\t\t\t<p>Despu\u00e9s de un merecido receso, nos emociona anunciar que el pr\u00f3ximo lunes 14 de julio regresamos a nuestras actividades acad\u00e9micas en el Colegio Virtual Siglo XXI.<\/p><p>Invitamos a todos nuestros estudiantes de calendario A a prepararse con entusiasmo para este nuevo ciclo, en el que seguiremos aprendiendo, creando y fortaleciendo nuestros talentos con experiencias reales que transforman.<\/p><p>Nos alegra reencontrarnos como comunidad educativa. \u00a1Nos vemos pronto!<\/p>\t\t\t\t\t\t<\/div>\n\t\t\t\t<\/div>\n\t\t\t\t\t<\/div>\n\t\t<\/div>\n\t\t\t\t\t<\/div>\n\t\t<\/section>\n\t\t\t\t<section class=\"elementor-section elementor-top-section elementor-element elementor-element-c3a8759 elementor-section-boxed elementor-section-height-default elementor-section-height-default\" data-id=\"c3a8759\" data-element_type=\"section\" data-settings=\"{&quot;_ha_eqh_enable&quot;:false}\">\n\t\t\t\t\t\t<div class=\"elementor-container elementor-column-gap-default\">\n\t\t\t\t\t<div class=\"elementor-column elementor-col-100 elementor-top-column elementor-element elementor-element-a382b81\" data-id=\"a382b81\" data-element_type=\"column\">\n\t\t\t<div class=\"elementor-widget-wrap elementor-element-populated\">\n\t\t\t\t\t\t<div class=\"elementor-element elementor-element-10dac28 elementor-widget elementor-widget-image\" data-id=\"10dac28\" data-element_type=\"widget\" data-widget_type=\"image.default\">\n\t\t\t\t<div class=\"elementor-widget-container\">\n\t\t\t\t\t\t\t\t\t\t\t\t\t\t<a href=\"https:\/\/colnews.colegiovirtualsigloxxi.edu.co\/wp-content\/uploads\/2025\/07\/Presentacion-vacaciones-planificacion-itinerario-tropical-calido-fondo-amarillo.jpg\" data-elementor-open-lightbox=\"yes\" data-elementor-lightbox-title=\"Presentaci\u00f3n vacaciones planificaci\u00f3n itinerario tropical c\u00e1lido fondo amarillo\" data-e-action-hash=\"#elementor-action%3Aaction%3Dlightbox%26settings%3DeyJpZCI6MTMyMCwidXJsIjoiaHR0cHM6XC9cL2NvbG5ld3MuY29sZWdpb3ZpcnR1YWxzaWdsb3h4aS5lZHUuY29cL3dwLWNvbnRlbnRcL3VwbG9hZHNcLzIwMjVcLzA3XC9QcmVzZW50YWNpb24tdmFjYWNpb25lcy1wbGFuaWZpY2FjaW9uLWl0aW5lcmFyaW8tdHJvcGljYWwtY2FsaWRvLWZvbmRvLWFtYXJpbGxvLmpwZyJ9\">\n\t\t\t\t\t\t\t<img fetchpriority=\"high\" decoding=\"async\" width=\"800\" height=\"450\" src=\"https:\/\/colnews.colegiovirtualsigloxxi.edu.co\/wp-content\/uploads\/2025\/07\/Presentacion-vacaciones-planificacion-itinerario-tropical-calido-fondo-amarillo-1024x576.jpg\" class=\"attachment-large size-large wp-image-1320\" alt=\"\" srcset=\"https:\/\/colnews.colegiovirtualsigloxxi.edu.co\/wp-content\/uploads\/2025\/07\/Presentacion-vacaciones-planificacion-itinerario-tropical-calido-fondo-amarillo-1024x576.jpg 1024w, https:\/\/colnews.colegiovirtualsigloxxi.edu.co\/wp-content\/uploads\/2025\/07\/Presentacion-vacaciones-planificacion-itinerario-tropical-calido-fondo-amarillo-300x169.jpg 300w, https:\/\/colnews.colegiovirtualsigloxxi.edu.co\/wp-content\/uploads\/2025\/07\/Presentacion-vacaciones-planificacion-itinerario-tropical-calido-fondo-amarillo-768x432.jpg 768w, https:\/\/colnews.colegiovirtualsigloxxi.edu.co\/wp-content\/uploads\/2025\/07\/Presentacion-vacaciones-planificacion-itinerario-tropical-calido-fondo-amarillo-1536x864.jpg 1536w, https:\/\/colnews.colegiovirtualsigloxxi.edu.co\/wp-content\/uploads\/2025\/07\/Presentacion-vacaciones-planificacion-itinerario-tropical-calido-fondo-amarillo.jpg 1920w\" sizes=\"(max-width: 800px) 100vw, 800px\" \/>\t\t\t\t\t\t\t\t<\/a>\n\t\t\t\t\t\t\t\t\t\t\t\t\t<\/div>\n\t\t\t\t<\/div>\n\t\t\t\t\t<\/div>\n\t\t<\/div>\n\t\t\t\t\t<\/div>\n\t\t<\/section>\n\t\t\t\t<\/div>\n\t\t","protected":false},"excerpt":{"rendered":"<p>https:\/\/colnews.colegiovirtualsigloxxi.edu.co\/wp-content\/uploads\/2025\/07\/4.mp3 Despu\u00e9s de un merecido receso, nos emociona anunciar que el pr\u00f3ximo lunes 14 de julio regresamos a nuestras actividades acad\u00e9micas en el Colegio Virtual Siglo XXI. Invitamos a todos nuestros estudiantes de calendario A a prepararse con entusiasmo para este nuevo ciclo, en el que seguiremos aprendiendo, creando y fortaleciendo nuestros talentos con experiencias [&hellip;]<\/p>\n","protected":false},"author":1,"featured_media":1325,"comment_status":"closed","ping_status":"closed","sticky":false,"template":"","format":"standard","meta":{"footnotes":""},"categories":[1],"tags":[],"class_list":["post-1318","post","type-post","status-publish","format-standard","has-post-thumbnail","hentry","category-sin-categoria"],"_links":{"self":[{"href":"https:\/\/colnews.colegiovirtualsigloxxi.edu.co\/index.php\/wp-json\/wp\/v2\/posts\/1318","targetHints":{"allow":["GET"]}}],"collection":[{"href":"https:\/\/colnews.colegiovirtualsigloxxi.edu.co\/index.php\/wp-json\/wp\/v2\/posts"}],"about":[{"href":"https:\/\/colnews.colegiovirtualsigloxxi.edu.co\/index.php\/wp-json\/wp\/v2\/types\/post"}],"author":[{"embeddable":true,"href":"https:\/\/colnews.colegiovirtualsigloxxi.edu.co\/index.php\/wp-json\/wp\/v2\/users\/1"}],"replies":[{"embeddable":true,"href":"https:\/\/colnews.colegiovirtualsigloxxi.edu.co\/index.php\/wp-json\/wp\/v2\/comments?post=1318"}],"version-history":[{"count":4,"href":"https:\/\/colnews.colegiovirtualsigloxxi.edu.co\/index.php\/wp-json\/wp\/v2\/posts\/1318\/revisions"}],"predecessor-version":[{"id":1324,"href":"https:\/\/colnews.colegiovirtualsigloxxi.edu.co\/index.php\/wp-json\/wp\/v2\/posts\/1318\/revisions\/1324"}],"wp:featuredmedia":[{"embeddable":true,"href":"https:\/\/colnews.colegiovirtualsigloxxi.edu.co\/index.php\/wp-json\/wp\/v2\/media\/1325"}],"wp:attachment":[{"href":"https:\/\/colnews.colegiovirtualsigloxxi.edu.co\/index.php\/wp-json\/wp\/v2\/media?parent=1318"}],"wp:term":[{"taxonomy":"category","embeddable":true,"href":"https:\/\/colnews.colegiovirtualsigloxxi.edu.co\/index.php\/wp-json\/wp\/v2\/categories?post=1318"},{"taxonomy":"post_tag","embeddable":true,"href":"https:\/\/colnews.colegiovirtualsigloxxi.edu.co\/index.php\/wp-json\/wp\/v2\/tags?post=1318"}],"curies":[{"name":"wp","href":"https:\/\/api.w.org\/{rel}","templated":true}]}}